{"id":980,"date":"2017-09-26T10:10:00","date_gmt":"2017-09-26T10:10:00","guid":{"rendered":"http:\/\/relaunch2025.zeitenspiegel.de\/aktuelles\/zweites-mut-magazin-erscheint-bald\/"},"modified":"2017-09-26T10:10:00","modified_gmt":"2017-09-26T10:10:00","slug":"zweites-mut-magazin-erscheint-bald","status":"publish","type":"post","link":"https:\/\/www.zeitenspiegel.de\/en\/aktuell\/zweites-mut-magazin-erscheint-bald\/","title":{"rendered":"Zweites Mut-Magazin erscheint bald"},"content":{"rendered":"<p><body mode=\"normal\" word-count=\"162\"><\/p>\n<p>Wie verhindert man, dass junge Muslime sich radikalisieren? Wie bringt man Rechtsradikale zur\u00fcck auf den richtigen Weg? Unter dem Titel \u201eGlaube. Kriege. Hoffnung.\u201c besch\u00e4ftigt sich die zweite Ausgabe des Magazins \u201eMUT &#8211; Magazin f\u00fcr L\u00f6sungen\u201c mit der Frage, wie man religi\u00f6ser und politischer Radikalisierung entgegenwirken kann. Es erz\u00e4hlt in Reportagen, Portr\u00e4ts und Interviews von Menschen in Europa und im Nahen Osten, die sich um Vers\u00f6hnung bem\u00fchen. Vom syrischen M\u00f6nch \u201eDschihad\u201c etwa, der trotz vieler Feinde an seiner Liebe zum Islam festh\u00e4lt.<\/p>\n<p>\u201eGlaube. Kriege. Hoffnung.\u201c wird ab dem 13. Oktober in einer Gesamtauflage von 620.000 Exemplaren deutschlandweit Tageszeitungen (u. a. Badische Zeitung, S\u00fcdwest Presse, K\u00f6lner Stadtexpress) und Fachzeitschriften (u.a. Medium Magazin, Kress pro) beiliegen. Zeitenspiegler Tilman W\u00f6rtz hat das Heft konzipiert, seine Kollegen haben Texte und Fotos geliefert. Herausgeber ist die Culture Counts Foundation. Das Layout stammt von C3. Finanziert wird das Heft \u00fcber einen Mix aus Anzeigen, Stiftungsgeldern und Spenden. Das komplette Heft als PDF wird im n\u00e4chsten Zeitenspiegel-Newsletter, der Mitte Dezember versandt wird, verlinkt.<\/p>\n<p><\/body><\/p>\n<p>&nbsp;<\/p>","protected":false},"excerpt":{"rendered":"<p>Wie verhindert man, dass junge Muslime sich radikalisieren? Wie bringt man Rechtsradikale zur\u00fcck auf den richtigen Weg? Unter dem Titel \u201eGlaube. Kriege. Hoffnung.\u201c besch\u00e4ftigt sich die zweite Ausgabe des Magazins \u201eMUT &#8211; Magazin f\u00fcr L\u00f6sungen\u201c mit der Frage, wie man religi\u00f6ser und politischer Radikalisierung entgegenwirken kann. Es erz\u00e4hlt in Reportagen, Portr\u00e4ts und Interviews von Menschen [&hellip;]<\/p>\n","protected":false},"author":2,"featured_media":0,"comment_status":"closed","ping_status":"closed","sticky":false,"template":"","format":"standard","meta":{"_FSMCFIC_featured_image_caption":"","_FSMCFIC_featured_image_nocaption":"","_FSMCFIC_featured_image_hide":"","footnotes":""},"categories":[1],"tags":[],"class_list":["post-980","post","type-post","status-publish","format-standard","hentry","category-aktuell"],"aioseo_notices":[],"_links":{"self":[{"href":"https:\/\/www.zeitenspiegel.de\/en\/wp-json\/wp\/v2\/posts\/980","targetHints":{"allow":["GET"]}}],"collection":[{"href":"https:\/\/www.zeitenspiegel.de\/en\/wp-json\/wp\/v2\/posts"}],"about":[{"href":"https:\/\/www.zeitenspiegel.de\/en\/wp-json\/wp\/v2\/types\/post"}],"author":[{"embeddable":true,"href":"https:\/\/www.zeitenspiegel.de\/en\/wp-json\/wp\/v2\/users\/2"}],"replies":[{"embeddable":true,"href":"https:\/\/www.zeitenspiegel.de\/en\/wp-json\/wp\/v2\/comments?post=980"}],"version-history":[{"count":0,"href":"https:\/\/www.zeitenspiegel.de\/en\/wp-json\/wp\/v2\/posts\/980\/revisions"}],"wp:attachment":[{"href":"https:\/\/www.zeitenspiegel.de\/en\/wp-json\/wp\/v2\/media?parent=980"}],"wp:term":[{"taxonomy":"category","embeddable":true,"href":"https:\/\/www.zeitenspiegel.de\/en\/wp-json\/wp\/v2\/categories?post=980"},{"taxonomy":"post_tag","embeddable":true,"href":"https:\/\/www.zeitenspiegel.de\/en\/wp-json\/wp\/v2\/tags?post=980"}],"curies":[{"name":"wp","href":"https:\/\/api.w.org\/{rel}","templated":true}]}}