{"id":981,"date":"2017-09-26T10:07:00","date_gmt":"2017-09-26T10:07:00","guid":{"rendered":"http:\/\/relaunch2025.zeitenspiegel.de\/aktuelles\/politkrimi-von-zeitenspiegler-frank-brunner\/"},"modified":"2017-09-26T10:07:00","modified_gmt":"2017-09-26T10:07:00","slug":"politkrimi-von-zeitenspiegler-frank-brunner","status":"publish","type":"post","link":"https:\/\/www.zeitenspiegel.de\/en\/aktuell\/politkrimi-von-zeitenspiegler-frank-brunner\/","title":{"rendered":"Politkrimi von Zeitenspiegler Frank Brunner"},"content":{"rendered":"<p><body mode=\"normal\" word-count=\"138\"><\/p>\n<p>Jahrelang ver\u00fcbte die Untergrundorganisation \u00bbmilitante gruppe\u00ab Brandanschl\u00e4ge auf Einrichtungen von Polizei, Bundeswehr und anderen Beh\u00f6rden. Die T\u00e4ter wollten Repr\u00e4sentanten des kapitalistischen Systems verunsichern und ein ganzes Netzwerk militanter Gruppen aufbauen.<\/p>\n<p>F\u00fcr Bundeskriminalamt und Bundesamt f\u00fcr Verfassungsschutz wurde die Suche nach den Linksradikalen zum Debakel \u2013 und das bei einer der aufwendigsten Ermittlungen der vergangenen Jahre. Beamte \u00fcberwachten Telefone und E-Mail-Konten. Sie installierten GPS-Sender in Autos und versteckte Kameras vor Haust\u00fcren. Zwischenzeitlich wurden Verd\u00e4chtige fast rund um die Uhr von Observationsteams begleitet. Nur durch einen Zufall kamen die Ermittler schlie\u00dflich auf die Spur der wahren T\u00e4ter.<\/p>\n<p>Frank Brunner hat die Jagd von Polizei und Staatsschutz anhand von Polizei- und Geheimdienstakten rekonstruiert. Er sprach mit Beteiligten und besuchte den Prozess gegen die Verschw\u00f6rer. Das Buch \u201eMit aller H\u00e4rte. Wie Polizei und Staatsschutz Linksradikale jagen\u201d erscheint am 26. Oktober 2017 im Verlag Bastei L\u00fcbbe.<\/p>\n<p><\/body><\/p>\n<p>&nbsp;<\/p>","protected":false},"excerpt":{"rendered":"<p>Jahrelang ver\u00fcbte die Untergrundorganisation \u00bbmilitante gruppe\u00ab Brandanschl\u00e4ge auf Einrichtungen von Polizei, Bundeswehr und anderen Beh\u00f6rden. Die T\u00e4ter wollten Repr\u00e4sentanten des kapitalistischen Systems verunsichern und ein ganzes Netzwerk militanter Gruppen aufbauen. F\u00fcr Bundeskriminalamt und Bundesamt f\u00fcr Verfassungsschutz wurde die Suche nach den Linksradikalen zum Debakel \u2013 und das bei einer der aufwendigsten Ermittlungen der vergangenen Jahre. [&hellip;]<\/p>\n","protected":false},"author":2,"featured_media":0,"comment_status":"closed","ping_status":"closed","sticky":false,"template":"","format":"standard","meta":{"_FSMCFIC_featured_image_caption":"","_FSMCFIC_featured_image_nocaption":"","_FSMCFIC_featured_image_hide":"","footnotes":""},"categories":[1],"tags":[],"class_list":["post-981","post","type-post","status-publish","format-standard","hentry","category-aktuell"],"aioseo_notices":[],"_links":{"self":[{"href":"https:\/\/www.zeitenspiegel.de\/en\/wp-json\/wp\/v2\/posts\/981","targetHints":{"allow":["GET"]}}],"collection":[{"href":"https:\/\/www.zeitenspiegel.de\/en\/wp-json\/wp\/v2\/posts"}],"about":[{"href":"https:\/\/www.zeitenspiegel.de\/en\/wp-json\/wp\/v2\/types\/post"}],"author":[{"embeddable":true,"href":"https:\/\/www.zeitenspiegel.de\/en\/wp-json\/wp\/v2\/users\/2"}],"replies":[{"embeddable":true,"href":"https:\/\/www.zeitenspiegel.de\/en\/wp-json\/wp\/v2\/comments?post=981"}],"version-history":[{"count":0,"href":"https:\/\/www.zeitenspiegel.de\/en\/wp-json\/wp\/v2\/posts\/981\/revisions"}],"wp:attachment":[{"href":"https:\/\/www.zeitenspiegel.de\/en\/wp-json\/wp\/v2\/media?parent=981"}],"wp:term":[{"taxonomy":"category","embeddable":true,"href":"https:\/\/www.zeitenspiegel.de\/en\/wp-json\/wp\/v2\/categories?post=981"},{"taxonomy":"post_tag","embeddable":true,"href":"https:\/\/www.zeitenspiegel.de\/en\/wp-json\/wp\/v2\/tags?post=981"}],"curies":[{"name":"wp","href":"https:\/\/api.w.org\/{rel}","templated":true}]}}