{"id":986,"date":"2017-05-04T20:03:00","date_gmt":"2017-05-04T20:03:00","guid":{"rendered":"http:\/\/relaunch2025.zeitenspiegel.de\/aktuelles\/hansel-mieth-preise-verliehen\/"},"modified":"2025-12-19T17:22:56","modified_gmt":"2025-12-19T17:22:56","slug":"hansel-mieth-preise-verliehen","status":"publish","type":"post","link":"https:\/\/www.zeitenspiegel.de\/en\/aktuell\/hansel-mieth-preise-verliehen\/","title":{"rendered":"Hansel-Mieth-Preise verliehen"},"content":{"rendered":"<p>Daniel Etter h\u00e4tte sich nach dieser Auszeichnung zur\u00fccklehnen k\u00f6nnen. Zusammen mit Kollegen bekam der deutsche Fotoreporter 2016 den traditionsreichen amerikanischen Pulitzerpreis in der Kategorie \u201eBreaking News Photography\u201c. Sein Foto eines irakischen Familienvaters, der nach seiner Rettung am Strand der griechischen Insel Kos in Tr\u00e4nen ausbricht, wurde weltber\u00fchmt.<\/p>\n\n\n\n<p>Doch Etter ruhte sich nicht auf seinen Lorbeeren aus, er wollte herausfinden, wie es dem aufgew\u00fchlten Mann und seiner Familie auf dem weiteren Weg durch Europa erging. Und er wollte dem Bild, das im Internet instrumentalisiert und teilweise bewusst fehlinterpretiert wurde, mit seiner Recherche seine Wahrhaftigkeit zur\u00fcckgeben. F\u00fcr die Reportage \u201eEin kurzer Traum\u201c, ver\u00f6ffentlicht im Magazin der S\u00fcddeutschen Zeitung, wurde Etter am Mittwochabend mit dem Hansel-Mieth-Preis 2017 ausgezeichnet.<\/p>\n\n\n\n<p>\u201eEindringlich und ehrlich\u201c, so die Fellbacher Oberb\u00fcrgermeisterin Gabriele Zull vor den gut zweihundert G\u00e4sten der Feier im Fellbacher Rathaus, schildere der Reporter den Weg der Familie, die, am Ziel ihrer Tr\u00e4ume \u2013 in Deutschland \u2013 angekommen, zerrissen ist zwischen Gehen und Bleiben, und am Ende zur\u00fcckkehrt, weil die Gro\u00dfmutter im Irak im Sterben liegt. Eine Schilderung, nicht schwarz oder wei\u00df, sondern differenziert und in Graut\u00f6nen, eine Geschichte, die \u201emehr Fragen stellt, als sie Antworten gibt\u201c.<\/p>\n\n\n\n<p><img decoding=\"async\" src=\"https:\/\/www.zeitenspiegel.de\/wp-content\/uploads\/2025\/05\/hansel-mieth-preis_02-2017-eric-vazzoller.jpg\" alt=\"Foto: Eric Vazzoler - Hansel-Mieth-Preise verliehen\" style=\"\"><\/p>\n\n\n\n<p>Auch sich selbst und sein Tun stellt der Fotograf in Frage. Etter beschr\u00e4nkt sich in seiner Reportage nicht nur auf eine Erz\u00e4hlung der Familiengeschichte. Er thematisiert auch die Wirkung seines ber\u00fchmten Fotos auf die Familie, bis hin zur verzagten Frage: \u201eWollen sie mich noch sehen?\u201c Mit der wachsenden N\u00e4he zu seinen Protagonisten wurden auch die Zweifel gr\u00f6\u00dfer, ob er nicht einen Voyeurismus betreibe, \u201eder aus pers\u00f6nlichen Schicksalen journalistische Geschichten macht\u201c.<\/p>\n\n\n\n<p>Eine Geschichte voller Widerhaken, die zum Nachdenken \u00fcber die Rolle von Reportern einl\u00e4dt. Wie er seine Rolle heute sehe, wurde Etter in der anschlie\u00dfenden Diskussion gefragt. Er denke nicht, dass der Weg der Familie anders verlaufen w\u00e4re, h\u00e4tte er das Foto nicht gemacht. \u201eEs war nicht nur ein pers\u00f6nlicher, sondern ein weltpolitischer Moment.\u201c Dass das Foto den Familienvater sp\u00e4ter \u201em\u00fcde\u201c macht, weil es schlimme Erinnerungen weckt, weil es in v\u00f6llig falschen Zusammenh\u00e4ngen im Internet auftaucht und weil mediale Ber\u00fchmtheit ihre Kehrseiten hat &#8211; mit dem Dilemma, sagte Etter, \u201emuss ich leben\u201c.<\/p>\n\n\n\n<p>Wie viel Verantwortung und Fingerspitzengef\u00fchl erforderlich ist, das belegt auch die <a href=\"https:\/\/www.zeitenspiegel.de\/wp-content\/uploads\/2025\/05\/hansel-mieth-preis_02-2017-eric-vazzoller.jpg\">Multimedia-Reportage<\/a> von Christina Schmidt und Maria Feck \u00fcber die hohe Selbstmordrate unter jungen Gr\u00f6nl\u00e4ndern, die den Hansel-Mieth-Preis digital 2017 gewann.<\/p>\n\n\n\n<p>Journalismus, so eine Erkenntnis des Abends, braucht solches Verantwortungsgef\u00fchl. Wenn Journalismus seine Aufgaben ernst nimmt, genau hinschaut, hinterfragt, Schattierungen und Widerspr\u00fcche zeigt, kann von Voyeurismus keine Rede mehr sein. \u201eUnd genau das haben die Preistr\u00e4ger geschafft, betonte Uschi Entenmann von der Agentur Zeitenspiegel in ihrer Laudatio. \u201eSie haben uns Menschen nahe gebracht.\u201c<\/p>\n\n\n\n<p>&nbsp;<\/p>\n\n\n\n<p>&nbsp;<\/p>","protected":false},"excerpt":{"rendered":"<p><img decoding=\"async\" src=\"https:\/\/www.zeitenspiegel.de\/image\/2\/0\/120\/5\/media\/images\/hansel-mieth-preis_01-2017-eric-vazzoler.jpg\" alt=\"Hansel-Mieth-Preis Verleihung 2017 Preistr\u00e4ger\"\/><br \/><em>Photo: <a href=\"\/en\/team\/eric-vazzoler\/\">Eric Vazzoler<\/a><\/em><\/p>","protected":false},"author":2,"featured_media":987,"comment_status":"closed","ping_status":"closed","sticky":false,"template":"","format":"standard","meta":{"_FSMCFIC_featured_image_caption":"Foto: Eric Vazzoler - Hansel-Mieth-Preise verliehen","_FSMCFIC_featured_image_nocaption":"","_FSMCFIC_featured_image_hide":"","footnotes":""},"categories":[1],"tags":[],"class_list":["post-986","post","type-post","status-publish","format-standard","has-post-thumbnail","hentry","category-aktuell"],"aioseo_notices":[],"_links":{"self":[{"href":"https:\/\/www.zeitenspiegel.de\/en\/wp-json\/wp\/v2\/posts\/986","targetHints":{"allow":["GET"]}}],"collection":[{"href":"https:\/\/www.zeitenspiegel.de\/en\/wp-json\/wp\/v2\/posts"}],"about":[{"href":"https:\/\/www.zeitenspiegel.de\/en\/wp-json\/wp\/v2\/types\/post"}],"author":[{"embeddable":true,"href":"https:\/\/www.zeitenspiegel.de\/en\/wp-json\/wp\/v2\/users\/2"}],"replies":[{"embeddable":true,"href":"https:\/\/www.zeitenspiegel.de\/en\/wp-json\/wp\/v2\/comments?post=986"}],"version-history":[{"count":2,"href":"https:\/\/www.zeitenspiegel.de\/en\/wp-json\/wp\/v2\/posts\/986\/revisions"}],"predecessor-version":[{"id":7953,"href":"https:\/\/www.zeitenspiegel.de\/en\/wp-json\/wp\/v2\/posts\/986\/revisions\/7953"}],"wp:featuredmedia":[{"embeddable":true,"href":"https:\/\/www.zeitenspiegel.de\/en\/wp-json\/wp\/v2\/media\/987"}],"wp:attachment":[{"href":"https:\/\/www.zeitenspiegel.de\/en\/wp-json\/wp\/v2\/media?parent=986"}],"wp:term":[{"taxonomy":"category","embeddable":true,"href":"https:\/\/www.zeitenspiegel.de\/en\/wp-json\/wp\/v2\/categories?post=986"},{"taxonomy":"post_tag","embeddable":true,"href":"https:\/\/www.zeitenspiegel.de\/en\/wp-json\/wp\/v2\/tags?post=986"}],"curies":[{"name":"wp","href":"https:\/\/api.w.org\/{rel}","templated":true}]}}