{"id":990,"date":"2017-05-04T09:05:00","date_gmt":"2017-05-04T09:05:00","guid":{"rendered":"http:\/\/relaunch2025.zeitenspiegel.de\/aktuelles\/foto-workshop-in-kasachstan\/"},"modified":"2017-05-04T09:05:00","modified_gmt":"2017-05-04T09:05:00","slug":"foto-workshop-in-kasachstan","status":"publish","type":"post","link":"https:\/\/www.zeitenspiegel.de\/en\/aktuell\/foto-workshop-in-kasachstan\/","title":{"rendered":"Foto-Workshop in Kasachstan"},"content":{"rendered":"<p><body mode=\"normal\" word-count=\"148\"><\/p>\n<p>Seit April und noch bis Ende Mai organisiert Zeitenspiegel-Fotograf \u00c9ric Vazzoler in Kasachstan einen Fotografie-Workshop f\u00fcr sehbehinderte Jugendliche. Die zwanzig Teilnehmer im Alter von 13 bis 19 Jahren lernen darin, ihr allt\u00e4gliches Leben im Internat und zu Hause aus der Sicht eines professionellen Fotografen wahrzunehmen und festzuhalten.<\/p>\n<p>Der Workshop \u201eZhana kozkaras\u201c (\u201eNeuer Blick\u201c) findet statt in Karaganda sowie in der ehemaligen Hauptstadt Almaty. Anschlie\u00dfend werden die Fotos, im Rahmen der Expo 2017 in Astana in der Bibliothek von Pr\u00e4sident Nursultan Nasarbajew ausgestellt. Am 7. Juni wird die Ausstellung in Anwesenheit der Workshop-Teilnehmer er\u00f6ffnet. Der Workshop und die Ausstellung werden erm\u00f6glicht durch die Unterst\u00fctzung der Stiftung des Pr\u00e4sidenten.<\/p>\n<p>Zeitenspiegel-Fotograf \u00c9ric Vazzoler hat bereits mehrfach internationale Foto-Workshops f\u00fcr Jugendliche geleitet: in franz\u00f6sischen Banlieues, in Gef\u00e4ngnissen, in Krisengebieten. Vor elf Jahren hat er schon einmal einen Foto-Workshop f\u00fcr Sehbehinderte in Polen durchgef\u00fchrt.<\/p>\n<p><a href=\"https:\/\/www.expo2017.com\/en\/p\/francuzskij-fotohudozhnik-hochet-provesti-na-expo-vystavku-nezryachih-fotografov\">Here<\/a> ein Bericht \u00fcber \u00c9ric Vazzolers Workshop auf der offiziellen Expo-Website.<\/p>\n<p><\/body><\/p>\n<p>&nbsp;<\/p>","protected":false},"excerpt":{"rendered":"<p>Seit April und noch bis Ende Mai organisiert Zeitenspiegel-Fotograf \u00c9ric Vazzoler in Kasachstan einen Fotografie-Workshop f\u00fcr sehbehinderte Jugendliche. Die zwanzig Teilnehmer im Alter von 13 bis 19 Jahren lernen darin, ihr allt\u00e4gliches Leben im Internat und zu Hause aus der Sicht eines professionellen Fotografen wahrzunehmen und festzuhalten. Der Workshop \u201eZhana kozkaras\u201c (\u201eNeuer Blick\u201c) findet statt [&hellip;]<\/p>\n","protected":false},"author":2,"featured_media":0,"comment_status":"closed","ping_status":"closed","sticky":false,"template":"","format":"standard","meta":{"_FSMCFIC_featured_image_caption":"","_FSMCFIC_featured_image_nocaption":"","_FSMCFIC_featured_image_hide":"","footnotes":""},"categories":[1],"tags":[],"class_list":["post-990","post","type-post","status-publish","format-standard","hentry","category-aktuell"],"aioseo_notices":[],"_links":{"self":[{"href":"https:\/\/www.zeitenspiegel.de\/en\/wp-json\/wp\/v2\/posts\/990","targetHints":{"allow":["GET"]}}],"collection":[{"href":"https:\/\/www.zeitenspiegel.de\/en\/wp-json\/wp\/v2\/posts"}],"about":[{"href":"https:\/\/www.zeitenspiegel.de\/en\/wp-json\/wp\/v2\/types\/post"}],"author":[{"embeddable":true,"href":"https:\/\/www.zeitenspiegel.de\/en\/wp-json\/wp\/v2\/users\/2"}],"replies":[{"embeddable":true,"href":"https:\/\/www.zeitenspiegel.de\/en\/wp-json\/wp\/v2\/comments?post=990"}],"version-history":[{"count":0,"href":"https:\/\/www.zeitenspiegel.de\/en\/wp-json\/wp\/v2\/posts\/990\/revisions"}],"wp:attachment":[{"href":"https:\/\/www.zeitenspiegel.de\/en\/wp-json\/wp\/v2\/media?parent=990"}],"wp:term":[{"taxonomy":"category","embeddable":true,"href":"https:\/\/www.zeitenspiegel.de\/en\/wp-json\/wp\/v2\/categories?post=990"},{"taxonomy":"post_tag","embeddable":true,"href":"https:\/\/www.zeitenspiegel.de\/en\/wp-json\/wp\/v2\/tags?post=990"}],"curies":[{"name":"wp","href":"https:\/\/api.w.org\/{rel}","templated":true}]}}