{"id":991,"date":"2017-04-28T08:17:00","date_gmt":"2017-04-28T08:17:00","guid":{"rendered":"http:\/\/relaunch2025.zeitenspiegel.de\/aktuelles\/zeitenspiegel-schuelerinnen-reuessieren-gleich-mehrfach-bei-renommiertem-nannen-preis\/"},"modified":"2017-04-28T08:17:00","modified_gmt":"2017-04-28T08:17:00","slug":"zeitenspiegel-schuelerinnen-reuessieren-gleich-mehrfach-bei-renommiertem-nannen-preis","status":"publish","type":"post","link":"https:\/\/www.zeitenspiegel.de\/en\/aktuell\/zeitenspiegel-schuelerinnen-reuessieren-gleich-mehrfach-bei-renommiertem-nannen-preis\/","title":{"rendered":"Zeitenspiegel-Sch\u00fclerinnen re\u00fcssieren gleich mehrfach bei renommiertem Nannen-Preis"},"content":{"rendered":"<p><body mode=\"normal\" word-count=\"101\"><\/p>\n<p>Drei Nominierungen \u2013 drei Siegerinnen: die Verleihung des Nannen-Preises 27. April in Hamburg war f\u00fcr drei ehemalige Sch\u00fclerinnen der Zeitenspiegel-Reportageschule ein voller Erfolg.<\/p>\n<p>Katrin Langhans arbeitet inzwischen im Investigativ-Team der S\u00fcddeutschen Zeitung, das mit dem Preis f\u00fcr die beste investigative Leistung geehrt wurde.<\/p>\n<p>Nicola Meier erhielt die Auszeichnung f\u00fcr die beste Dokumentation mit ihrem Text \u00fcber ein todkrankes Kind, dem von einem Pharma-Unternehmen ein m\u00f6glicherweise rettendes Medikament vorenthalten wurde (erschienen in der Zeit).<\/p>\n<p>Und schlie\u00dflich stand unsere Amrai Coen mal wieder auf dem Siegertreppchen (Egon-Erwin-Kisch-Preis) f\u00fcr ihre Reportagte (zusammen mit Tanja Stelzer) \u00fcber die Opfer der Bombenanschl\u00e4ge in Br\u00fcssel (ebenfalls ZEIT).<\/p>\n<p>Wir gratulieren!<\/p>\n<p><\/body><\/p>\n<p>&nbsp;<\/p>","protected":false},"excerpt":{"rendered":"<p>Drei Nominierungen \u2013 drei Siegerinnen: die Verleihung des Nannen-Preises 27. April in Hamburg war f\u00fcr drei ehemalige Sch\u00fclerinnen der Zeitenspiegel-Reportageschule ein voller Erfolg. Katrin Langhans arbeitet inzwischen im Investigativ-Team der S\u00fcddeutschen Zeitung, das mit dem Preis f\u00fcr die beste investigative Leistung geehrt wurde. Nicola Meier erhielt die Auszeichnung f\u00fcr die beste Dokumentation mit ihrem Text [&hellip;]<\/p>\n","protected":false},"author":2,"featured_media":0,"comment_status":"closed","ping_status":"closed","sticky":false,"template":"","format":"standard","meta":{"_FSMCFIC_featured_image_caption":"","_FSMCFIC_featured_image_nocaption":"","_FSMCFIC_featured_image_hide":"","footnotes":""},"categories":[1],"tags":[],"class_list":["post-991","post","type-post","status-publish","format-standard","hentry","category-aktuell"],"aioseo_notices":[],"_links":{"self":[{"href":"https:\/\/www.zeitenspiegel.de\/en\/wp-json\/wp\/v2\/posts\/991","targetHints":{"allow":["GET"]}}],"collection":[{"href":"https:\/\/www.zeitenspiegel.de\/en\/wp-json\/wp\/v2\/posts"}],"about":[{"href":"https:\/\/www.zeitenspiegel.de\/en\/wp-json\/wp\/v2\/types\/post"}],"author":[{"embeddable":true,"href":"https:\/\/www.zeitenspiegel.de\/en\/wp-json\/wp\/v2\/users\/2"}],"replies":[{"embeddable":true,"href":"https:\/\/www.zeitenspiegel.de\/en\/wp-json\/wp\/v2\/comments?post=991"}],"version-history":[{"count":0,"href":"https:\/\/www.zeitenspiegel.de\/en\/wp-json\/wp\/v2\/posts\/991\/revisions"}],"wp:attachment":[{"href":"https:\/\/www.zeitenspiegel.de\/en\/wp-json\/wp\/v2\/media?parent=991"}],"wp:term":[{"taxonomy":"category","embeddable":true,"href":"https:\/\/www.zeitenspiegel.de\/en\/wp-json\/wp\/v2\/categories?post=991"},{"taxonomy":"post_tag","embeddable":true,"href":"https:\/\/www.zeitenspiegel.de\/en\/wp-json\/wp\/v2\/tags?post=991"}],"curies":[{"name":"wp","href":"https:\/\/api.w.org\/{rel}","templated":true}]}}