{"id":996,"date":"2017-03-06T05:28:00","date_gmt":"2017-03-06T05:28:00","guid":{"rendered":"http:\/\/relaunch2025.zeitenspiegel.de\/aktuelles\/neues-buch-von-carsten-stormer-erscheint\/"},"modified":"2017-03-06T05:28:00","modified_gmt":"2017-03-06T05:28:00","slug":"neues-buch-von-carsten-stormer-erscheint","status":"publish","type":"post","link":"https:\/\/www.zeitenspiegel.de\/en\/aktuell\/neues-buch-von-carsten-stormer-erscheint\/","title":{"rendered":"New book by Carsten Stormer released"},"content":{"rendered":"<p><body mode=\"normal\" word-count=\"302\"><\/p>\n<p>Attacks, refugee crisis, disputes with allies: The Syrian war casts its shadow over Europe. War correspondent Carsten Stormer knows the background of the seemingly endless conflict firsthand. He is smuggled across the border by helpers, accompanies rebels to the front, and discusses with Islamists. In the war zone, he encounters not only misery. He meets people who get involved, alleviate suffering, defend themselves, and avert the seemingly inevitable, while the rest of the world simply watches.<\/p>\n<p>In his new book, \u201cThe Shadows of the Orient,\u201d Carsten Stormer recounts his journeys to the war and crisis zones of the Middle East, primarily Syria and Iraq. The book will be published on March 16th by Verlag <a href=\"https:\/\/www.luebbe.de\/bastei-luebbe\/buecher\/politik-und-gesellschaft\/die-schatten-des-morgenlandes\/id_6101939\">Bastei L\u00fcbbe<\/a>. The media magazine \"journalist\" exclusively publishes in its March issue <a href=\"http:\/\/www.presseportal.de\/pm\/20126\/3574852\">Excerpts<\/a>.<\/p>\n<p>Reviews for the book:<\/p>\n<p>\u201eWe are few. Hardly any Western journalist has ventured into Syria's rebel territories more in recent years. But that is the price of being able to research and report accurately at all. We are few, and Carsten Stormer is one of them. The fact that he is an excellent storyteller is an added bonus. But above all: he tells what happened. With a harshness that may sometimes not be easy. But that is reality.\u201c (Christoph Reuter, Der Spiegel)<\/p>\n<p>\u201eA great, true book, direct and sad, and not at all comforting. The book is great literary journalism\u201c (Georg Diez, Der Spiegel)<\/p>\n<p>\u201eWhat keeps drawing a German journalist back to war? Anyone who reads this book will not only gain a better understanding of the conflict in Syria. But will also understand why Carsten Stormer has repeatedly traveled to the front lines as a reporter for years. \u201eThe Shadows of the Orient\u201d digs much deeper than the daily media noise. And the author is ruthlessly honest with himself. Great book. Chapeau. (Amrai Coen, Die Zeit)<\/p>\n<p>\u201cRarely has a reporter written a more honest book.\u201d (Wolfgang Bauer, Die Zeit)<\/p>\n<p><\/body><\/p>\n<p>&nbsp;<\/p>","protected":false},"excerpt":{"rendered":"<p>Anschl\u00e4ge, Fl\u00fcchtlingskrise, Zerw\u00fcrfnisse mit B\u00fcndnispartnern: Der Syrienkrieg wirft seine Schatten auf Europa. Kriegsreporter Carsten Stormer kennt die Hintergr\u00fcnde des endlos scheinenden Konflikts aus erster Hand. Er l\u00e4sst sich von Helfern \u00fcber die Grenze schmuggeln, begleitet Rebellen an die Front und diskutiert mit Islamisten. Im Kriegsgebiet begegnet er nicht nur Elend. Er begegnet Menschen, die sich [&hellip;]<\/p>\n","protected":false},"author":2,"featured_media":0,"comment_status":"closed","ping_status":"closed","sticky":false,"template":"","format":"standard","meta":{"_FSMCFIC_featured_image_caption":"","_FSMCFIC_featured_image_nocaption":"","_FSMCFIC_featured_image_hide":"","footnotes":""},"categories":[1],"tags":[],"class_list":["post-996","post","type-post","status-publish","format-standard","hentry","category-aktuell"],"aioseo_notices":[],"_links":{"self":[{"href":"https:\/\/www.zeitenspiegel.de\/en\/wp-json\/wp\/v2\/posts\/996","targetHints":{"allow":["GET"]}}],"collection":[{"href":"https:\/\/www.zeitenspiegel.de\/en\/wp-json\/wp\/v2\/posts"}],"about":[{"href":"https:\/\/www.zeitenspiegel.de\/en\/wp-json\/wp\/v2\/types\/post"}],"author":[{"embeddable":true,"href":"https:\/\/www.zeitenspiegel.de\/en\/wp-json\/wp\/v2\/users\/2"}],"replies":[{"embeddable":true,"href":"https:\/\/www.zeitenspiegel.de\/en\/wp-json\/wp\/v2\/comments?post=996"}],"version-history":[{"count":0,"href":"https:\/\/www.zeitenspiegel.de\/en\/wp-json\/wp\/v2\/posts\/996\/revisions"}],"wp:attachment":[{"href":"https:\/\/www.zeitenspiegel.de\/en\/wp-json\/wp\/v2\/media?parent=996"}],"wp:term":[{"taxonomy":"category","embeddable":true,"href":"https:\/\/www.zeitenspiegel.de\/en\/wp-json\/wp\/v2\/categories?post=996"},{"taxonomy":"post_tag","embeddable":true,"href":"https:\/\/www.zeitenspiegel.de\/en\/wp-json\/wp\/v2\/tags?post=996"}],"curies":[{"name":"wp","href":"https:\/\/api.w.org\/{rel}","templated":true}]}}